{"id":926,"date":"2020-01-20T08:06:30","date_gmt":"2020-01-20T00:06:30","guid":{"rendered":"https:\/\/ambmanila.esteri.it\/news\/dall_ambasciata\/2020\/01\/arte-povera-italian-landscape\/"},"modified":"2020-01-20T08:06:30","modified_gmt":"2020-01-20T00:06:30","slug":"arte-povera-italian-landscape","status":"publish","type":"post","link":"https:\/\/ambmanila.esteri.it\/it\/news\/dall_ambasciata\/2020\/01\/arte-povera-italian-landscape\/","title":{"rendered":"Arte Povera . Italian Landscape"},"content":{"rendered":"<p style=\"text-align: justify;\">L\u2019Ambasciata d\u2019Italia a Manila \u00e8 lieta di informare dell\u2019apertura, il prossimo 10 febbraio, della mostra \u201cArte Povera . Italian Landscape\u201d al Metropolitan Museum di Manila (Bangko Sentral ng Pilipinas Complex, Roxas Boulevard, Manila). Si tratta di una straordinaria collezione di opere degli esponenti del movimento italiano di arte contemporanea \u201cArte Povera\u201d, nonch\u00e9 la pi\u00f9 importante mostra di arte contemporanea italiana mai organizzata nel sud-est asiatico. La mostra rimarr\u00e0 aperta al MET sino al <strong>31 luglio 2020<\/strong>.<\/p>\n<p style=\"text-align: justify;\"><img decoding=\"async\" src=\"resource\/img\/2020\/01\/arte-povera-poster_fr-italian-embassy.jpg\" alt=\"arte povera poster fr italian embassy\" \/><\/p>\n<p>\u00a0<\/p>\n","protected":false},"excerpt":{"rendered":"L\u2019Ambasciata d\u2019Italia a Manila \u00e8 lieta di informare dell\u2019apertura, il prossimo 10 febbraio, della mostra \u201cArte Povera . Italian Landscape\u201d al Metropolitan Museum di Manila (Bangko Sentral ng Pilipinas Complex, Roxas Boulevard, Manila). Si tratta di una straordinaria collezione di opere degli esponenti del movimento italiano di arte contemporanea \u201cArte Povera\u201d, nonch\u00e9 la pi\u00f9 importante [&hellip;]","protected":false},"author":1,"featured_media":0,"comment_status":"","ping_status":"","sticky":false,"template":"","format":"standard","meta":{"footnotes":""},"tags":[],"class_list":["post-926","post","type-post","status-publish","format-standard","hentry"],"_links":{"self":[{"href":"https:\/\/ambmanila.esteri.it\/it\/wp-json\/wp\/v2\/posts\/926","targetHints":{"allow":["GET"]}}],"collection":[{"href":"https:\/\/ambmanila.esteri.it\/it\/wp-json\/wp\/v2\/posts"}],"about":[{"href":"https:\/\/ambmanila.esteri.it\/it\/wp-json\/wp\/v2\/types\/post"}],"author":[{"embeddable":true,"href":"https:\/\/ambmanila.esteri.it\/it\/wp-json\/wp\/v2\/users\/1"}],"replies":[{"embeddable":true,"href":"https:\/\/ambmanila.esteri.it\/it\/wp-json\/wp\/v2\/comments?post=926"}],"version-history":[{"count":0,"href":"https:\/\/ambmanila.esteri.it\/it\/wp-json\/wp\/v2\/posts\/926\/revisions"}],"wp:attachment":[{"href":"https:\/\/ambmanila.esteri.it\/it\/wp-json\/wp\/v2\/media?parent=926"}],"wp:term":[{"taxonomy":"post_tag","embeddable":true,"href":"https:\/\/ambmanila.esteri.it\/it\/wp-json\/wp\/v2\/tags?post=926"}],"curies":[{"name":"wp","href":"https:\/\/api.w.org\/{rel}","templated":true}]}}