{"id":615,"date":"2022-09-14T10:06:47","date_gmt":"2022-09-14T02:06:47","guid":{"rendered":"https:\/\/ambmanila.esteri.it\/news\/dall_ambasciata\/2022\/09\/cine-europa-25-14-09-28-10-2022\/"},"modified":"2022-09-14T10:06:47","modified_gmt":"2022-09-14T02:06:47","slug":"cine-europa-25-14-09-28-10-2022","status":"publish","type":"post","link":"https:\/\/ambmanila.esteri.it\/it\/news\/dall_ambasciata\/2022\/09\/cine-europa-25-14-09-28-10-2022\/","title":{"rendered":"CINE EUROPA 25  14\/09 \u2013 28\/10 2022"},"content":{"rendered":"<p>L\u2019Ambasciata e\u2019 lieta di comunicare l\u2019inizio della <strong>25a edizione del Festival CINE EUROPA<\/strong> a Cebu City con proiezioni in presenza e online di ben 30 film europei.<\/p>\n<p>La rassegna cinematografica e\u2019 organizzata annualmente dalla Delegazione Europea nelle Filippine in collaborazione con gli Stati Membri e gli Istituti di Cultura Europei. Tre i film italiani proiettati: Vita Facile\/Easy living, The Spiders\u2019 Man e Sanremo.<\/p>\n<p><em><strong>&#8220;La vita Facile&#8221;\/Easy living<\/strong><\/em> affronta un tema attuale: l\u2019immigrazione e l\u2019inclusione. \u00c8 ambientato a Ventimiglia, citt\u00e0 al confine tra l\u2019Italia e la Francia, confine che per le dinamiche dell\u2019Unione Europea rappresenta solo una formalit\u00e0, ma la realt\u00e0 \u00e9 ben diversa in tempi di rigida regolamentazione dei flussi migratori.<\/p>\n<p><a href=\"https:\/\/www.cineeuropaph.com\/film-synopses?pgid=l7sqzmxb-65feb663-bc48-4bb0-b681-3345e88265b2\">https:\/\/www.cineeuropaph.com\/film-synopses?pgid=l7sqzmxb-65feb663-bc48-4bb0-b681-3345e88265b2<\/a><\/p>\n<p>\u00a0<\/p>\n<p><em><strong>&#8220;The Spiders\u2019 Man&#8221;<\/strong><\/em> \u00e9 una co-produzione Italo-Filippina diretta da Ruben Maria Soriquez. Tratta il tema della fratellanza e dei legami famigliari raccontando la vicenda di due fratellastri (uno dei quali affetto da autismo e schizofrenia) e di un loro amico americano che cercano di dare una svolta alla propria vita quando un gruppo di delinquenti li prende in ostaggio.<\/p>\n<p><a href=\"https:\/\/www.cineeuropaph.com\/film-synopses?pgid=l7sqzmxb-e3cbc3cd-bd66-4b96-bfbd-e8b47b03abb5\">https:\/\/www.cineeuropaph.com\/film-synopses?pgid=l7sqzmxb-e3cbc3cd-bd66-4b96-bfbd-e8b47b03abb5<\/a><\/p>\n<p>\u00a0<\/p>\n<p><em><strong>&#8220;Sanremo&#8221;<\/strong><\/em> \u00e9 una coproduzione Italo-Slovena. Il titolo fa riferimento al noto Festival della Musica di Sanremo cosi come la canzone \u201cNon ho l\u2019et\u00e0\u201d che riporta alla mente dei protagonisti ricordi di giovent\u00f9. Il film propone un ritratto cinematografico delicato e umano della demenza senile. In una casa di riposo, due ospiti ogni giorno si dimenticano di essersi conosciuti e si incontrano nuovamente ogni volta.<\/p>\n<p><a href=\"https:\/\/www.cineeuropaph.com\/film-synopses?pgid=l7sqzmxb-791027b5-02b2-4629-8c2f-9a2b83151eae\">https:\/\/www.cineeuropaph.com\/film-synopses?pgid=l7sqzmxb-791027b5-02b2-4629-8c2f-9a2b83151eae<\/a><\/p>\n<p>\u00a0<\/p>\n<p>\u00a0Tutte le proiezioni sia online che in presenza sono a titolo gratuito. I film saranno proiettati in diverse sale di Metro Manila, Cebu, Iloilo e Palawan, e i posti saranno assegnati sulla base dell\u2019ordine di arrivo. Per le visioni online e\u2019 necessario registrarsi alla pagina del sito ufficiale <a href=\"http:\/\/www.cineeuropaph.com\">www.cineeuropaph.com<\/a>.<\/p>\n<p>Il programma completo del festival puo\u2019 essere visualizzato al link <a href=\"http:\/\/www.cineeuropaph.com\">www.cineeuropaph.com<\/a><\/p>\n<p>\u00a0<\/p>\n<p style=\"text-align: justify;\"><img decoding=\"async\" src=\"resource\/img\/2022\/09\/306605831_395477102768633_4222210770446452886_n.jpg\" alt=\"306605831 395477102768633 4222210770446452886 n\" \/><\/p>\n","protected":false},"excerpt":{"rendered":"L\u2019Ambasciata e\u2019 lieta di comunicare l\u2019inizio della 25a edizione del Festival CINE EUROPA a Cebu City con proiezioni in presenza e online di ben 30 film europei. La rassegna cinematografica e\u2019 organizzata annualmente dalla Delegazione Europea nelle Filippine in collaborazione con gli Stati Membri e gli Istituti di Cultura Europei. Tre i film italiani proiettati: [&hellip;]","protected":false},"author":1,"featured_media":0,"comment_status":"","ping_status":"","sticky":false,"template":"","format":"standard","meta":{"footnotes":""},"tags":[],"class_list":["post-615","post","type-post","status-publish","format-standard","hentry"],"_links":{"self":[{"href":"https:\/\/ambmanila.esteri.it\/it\/wp-json\/wp\/v2\/posts\/615","targetHints":{"allow":["GET"]}}],"collection":[{"href":"https:\/\/ambmanila.esteri.it\/it\/wp-json\/wp\/v2\/posts"}],"about":[{"href":"https:\/\/ambmanila.esteri.it\/it\/wp-json\/wp\/v2\/types\/post"}],"author":[{"embeddable":true,"href":"https:\/\/ambmanila.esteri.it\/it\/wp-json\/wp\/v2\/users\/1"}],"replies":[{"embeddable":true,"href":"https:\/\/ambmanila.esteri.it\/it\/wp-json\/wp\/v2\/comments?post=615"}],"version-history":[{"count":0,"href":"https:\/\/ambmanila.esteri.it\/it\/wp-json\/wp\/v2\/posts\/615\/revisions"}],"wp:attachment":[{"href":"https:\/\/ambmanila.esteri.it\/it\/wp-json\/wp\/v2\/media?parent=615"}],"wp:term":[{"taxonomy":"post_tag","embeddable":true,"href":"https:\/\/ambmanila.esteri.it\/it\/wp-json\/wp\/v2\/tags?post=615"}],"curies":[{"name":"wp","href":"https:\/\/api.w.org\/{rel}","templated":true}]}}