{"id":478,"date":"2023-05-18T09:47:51","date_gmt":"2023-05-18T01:47:51","guid":{"rendered":"https:\/\/ambmanila.esteri.it\/news\/dall_ambasciata\/2023\/05\/nuova-campagna-di-promozione-del\/"},"modified":"2023-05-18T09:47:51","modified_gmt":"2023-05-18T01:47:51","slug":"nuova-campagna-di-promozione-del","status":"publish","type":"post","link":"https:\/\/ambmanila.esteri.it\/it\/news\/dall_ambasciata\/2023\/05\/nuova-campagna-di-promozione-del\/","title":{"rendered":"NUOVA CAMPAGNA DI PROMOZIONE DEL TURISMO &#8220;ITALIA. OPEN TO MERAVIGLIA&#8221;"},"content":{"rendered":"<p style=\"text-align: center;\"><strong>NUOVA CAMPAGNA DI PROMOZIONE DEL TURISMO &#8220;ITALIA. OPEN TO MERAVIGLIA&#8221;<\/strong><\/p>\n<p>Lo scorso 20 aprile il Ministro del Turismo Daniela Santanch\u00e8 e l&#8217;Amministratore Delegato di ENIT Ivana Jelenic hanno presentato la nuova campagna di comunicazione per la promozione del turismo alla stampa estera ed italiana alla presenza del Vice Presidente del Consiglio e Ministro degli Affari Esteri e della Cooperazione Internazionale, Antonio Tajani.<\/p>\n<p>La campagna, nata da un&#8217;idea del gruppo Armando Testa, vede la Venere di Botticelli in veste di \u201cvirtual influencer\u201d del Made in Italy che viagger\u00e0 lungo lo Stivale raccontandone i paesaggi, le mete iconiche delle citt\u00e0 d\u2019arte cos\u00ec come i piccoli borghi e le tipicit\u00e0 enogastronomiche che rendono cos\u00ec unico il patrimonio dell\u2019Italia.<\/p>\n<p>Per maggiori informazioni, e\u2019 possibile visitare il portale <strong>\u201citalia.it\u201d<\/strong> al link: <a href=\"https:\/\/www.italia.it\/it\">https:\/\/www.italia.it\/it<\/a>\u00a0e il profilo Instagram &#8211; <strong>\u201cvenereitalia23\u201d<\/strong><\/p>\n","protected":false},"excerpt":{"rendered":"NUOVA CAMPAGNA DI PROMOZIONE DEL TURISMO &#8220;ITALIA. OPEN TO MERAVIGLIA&#8221; Lo scorso 20 aprile il Ministro del Turismo Daniela Santanch\u00e8 e l&#8217;Amministratore Delegato di ENIT Ivana Jelenic hanno presentato la nuova campagna di comunicazione per la promozione del turismo alla stampa estera ed italiana alla presenza del Vice Presidente del Consiglio e Ministro degli Affari [&hellip;]","protected":false},"author":1,"featured_media":0,"comment_status":"","ping_status":"","sticky":false,"template":"","format":"standard","meta":{"footnotes":""},"tags":[],"class_list":["post-478","post","type-post","status-publish","format-standard","hentry"],"_links":{"self":[{"href":"https:\/\/ambmanila.esteri.it\/it\/wp-json\/wp\/v2\/posts\/478","targetHints":{"allow":["GET"]}}],"collection":[{"href":"https:\/\/ambmanila.esteri.it\/it\/wp-json\/wp\/v2\/posts"}],"about":[{"href":"https:\/\/ambmanila.esteri.it\/it\/wp-json\/wp\/v2\/types\/post"}],"author":[{"embeddable":true,"href":"https:\/\/ambmanila.esteri.it\/it\/wp-json\/wp\/v2\/users\/1"}],"replies":[{"embeddable":true,"href":"https:\/\/ambmanila.esteri.it\/it\/wp-json\/wp\/v2\/comments?post=478"}],"version-history":[{"count":0,"href":"https:\/\/ambmanila.esteri.it\/it\/wp-json\/wp\/v2\/posts\/478\/revisions"}],"wp:attachment":[{"href":"https:\/\/ambmanila.esteri.it\/it\/wp-json\/wp\/v2\/media?parent=478"}],"wp:term":[{"taxonomy":"post_tag","embeddable":true,"href":"https:\/\/ambmanila.esteri.it\/it\/wp-json\/wp\/v2\/tags?post=478"}],"curies":[{"name":"wp","href":"https:\/\/api.w.org\/{rel}","templated":true}]}}