{"id":4381,"date":"2025-02-04T09:49:00","date_gmt":"2025-02-04T01:49:00","guid":{"rendered":"https:\/\/ambmanila.esteri.it\/?p=4381"},"modified":"2025-02-04T10:18:47","modified_gmt":"2025-02-04T02:18:47","slug":"capitale-europea-della-cultura-transfrontaliera-2025-gorizia-e-nova-gorica","status":"publish","type":"post","link":"https:\/\/ambmanila.esteri.it\/it\/news\/dall_ambasciata\/2025\/02\/capitale-europea-della-cultura-transfrontaliera-2025-gorizia-e-nova-gorica\/","title":{"rendered":"CAPITALE EUROPEA DELLA CULTURA TRANSFRONTALIERA 2025 (GORIZIA e NOVA GORICA)"},"content":{"rendered":"<p style=\"text-align: justify;\">Nell&#8217;occasione di \u00abGO! CAPITALE EUROPEA DELLA CULTURA TRANSFRONTALIERA 2025: GORIZIA e NOVA GORICA\u00bb, l&#8217;Ambasciata d&#8217;Italia, in collaborazione \u00a0con l&#8217;Universit\u00e0 Ateneo de Manila, \u00a0promuove l&#8217;8 febbraio p.v. \u00a0una conferenza dedicata all&#8217;identit\u00e0 europea e al successo del processo di integrazione europea.<\/p>\n<p style=\"text-align: justify;\">Per la prima volta infatti, l&#8217;ambito titolo di Capitale Europea della Cultura \u00e8 condiviso tra citt\u00e0 di due Paesi confinanti. La candidatura congiunta di Gorizia e di Nova Gorica intende evidenziare l&#8217;integrazione tra i due centri promossa nel quadro dei progetti di coesione UE e l&#8217;impegno di Italia e Slovenia per valorizzare sempre di pi\u00f9 la cooperazione transfrontaliera. Alla conferenza prevista presso il Dipartimento di Studi Europei dell&#8217;Universit\u00e0 Ateneo de Manila interverr\u00e0 il professor Claudio Cressati dell&#8217;Universit\u00e0 di Udine, esperto di integrazione europea e direttore del Master Erasmus Mundus Euroculture, che offrir\u00e0 una prospettiva sulla storia recente di Gorizia e sul suo rapporto con la citt\u00e0 gemella al di l\u00e0 del confine.<\/p>\n","protected":false},"excerpt":{"rendered":"Nell&#8217;occasione di \u00abGO! CAPITALE EUROPEA DELLA CULTURA TRANSFRONTALIERA 2025: GORIZIA e NOVA GORICA\u00bb, l&#8217;Ambasciata d&#8217;Italia, in collaborazione \u00a0con l&#8217;Universit\u00e0 Ateneo de Manila, \u00a0promuove l&#8217;8 febbraio p.v. \u00a0una conferenza dedicata all&#8217;identit\u00e0 europea e al successo del processo di integrazione europea. Per la prima volta infatti, l&#8217;ambito titolo di Capitale Europea della Cultura \u00e8 condiviso tra citt\u00e0 [&hellip;]","protected":false},"author":5,"featured_media":4401,"comment_status":"closed","ping_status":"closed","sticky":false,"template":"","format":"standard","meta":{"footnotes":""},"tags":[],"class_list":["post-4381","post","type-post","status-publish","format-standard","has-post-thumbnail","hentry"],"_links":{"self":[{"href":"https:\/\/ambmanila.esteri.it\/it\/wp-json\/wp\/v2\/posts\/4381","targetHints":{"allow":["GET"]}}],"collection":[{"href":"https:\/\/ambmanila.esteri.it\/it\/wp-json\/wp\/v2\/posts"}],"about":[{"href":"https:\/\/ambmanila.esteri.it\/it\/wp-json\/wp\/v2\/types\/post"}],"author":[{"embeddable":true,"href":"https:\/\/ambmanila.esteri.it\/it\/wp-json\/wp\/v2\/users\/5"}],"replies":[{"embeddable":true,"href":"https:\/\/ambmanila.esteri.it\/it\/wp-json\/wp\/v2\/comments?post=4381"}],"version-history":[{"count":3,"href":"https:\/\/ambmanila.esteri.it\/it\/wp-json\/wp\/v2\/posts\/4381\/revisions"}],"predecessor-version":[{"id":4404,"href":"https:\/\/ambmanila.esteri.it\/it\/wp-json\/wp\/v2\/posts\/4381\/revisions\/4404"}],"wp:featuredmedia":[{"embeddable":true,"href":"https:\/\/ambmanila.esteri.it\/it\/wp-json\/wp\/v2\/media\/4401"}],"wp:attachment":[{"href":"https:\/\/ambmanila.esteri.it\/it\/wp-json\/wp\/v2\/media?parent=4381"}],"wp:term":[{"taxonomy":"post_tag","embeddable":true,"href":"https:\/\/ambmanila.esteri.it\/it\/wp-json\/wp\/v2\/tags?post=4381"}],"curies":[{"name":"wp","href":"https:\/\/api.w.org\/{rel}","templated":true}]}}