{"id":3153,"date":"2024-07-15T13:36:33","date_gmt":"2024-07-15T05:36:33","guid":{"rendered":"https:\/\/ambmanila.esteri.it\/?p=3153"},"modified":"2024-09-09T11:47:58","modified_gmt":"2024-09-09T03:47:58","slug":"davide-giglio-nuovo-ambasciatore-ditalia-nelle-filippine","status":"publish","type":"post","link":"https:\/\/ambmanila.esteri.it\/it\/news\/dall_ambasciata\/2024\/07\/davide-giglio-nuovo-ambasciatore-ditalia-nelle-filippine\/","title":{"rendered":"Davide GIGLIO, nuovo Ambasciatore d&#8217;Italia nelle Filippine"},"content":{"rendered":"<p><img loading=\"lazy\" decoding=\"async\" class=\"alignnone size-medium wp-image-3304 img-fluid\" src=\"https:\/\/ambmanila.esteri.it\/wp-content\/uploads\/2024\/07\/Davide-Giglio-210x300.jpg\" alt=\"\" width=\"210\" height=\"300\" srcset=\"https:\/\/ambmanila.esteri.it\/wp-content\/uploads\/2024\/07\/Davide-Giglio-210x300.jpg 210w, https:\/\/ambmanila.esteri.it\/wp-content\/uploads\/2024\/07\/Davide-Giglio-717x1024.jpg 717w, https:\/\/ambmanila.esteri.it\/wp-content\/uploads\/2024\/07\/Davide-Giglio.jpg 768w\" sizes=\"auto, (max-width: 210px) 100vw, 210px\" \/><\/p>\n<p>Assumo oggi l&#8217;incarico di Ambasciatore d&#8217;Italia nelle Filippine con accreditamenti secondari nella Repubblica di Palau, negli Stati Federati della Micronesia e nelle Isole Marshall. Dal 1998, con incarichi sia a Roma presso gli Uffici competenti per l\u2019Asia e sia all&#8217;estero a Islamabad, Hong Kong, Osaka, Pechino e Taipei, ho continuamente contribuito allo sviluppo di relazioni sempre pi\u00f9 intense tra Italia e i paesi della regione dell&#8217;Indo-Pacifico. In tale quadro il rapporto italo-filippino che nel 2022 ha celebrato il suo 75mo anniversario, si distingue per crescente dinamismo sul piano politico, sociale, economico e commerciale. Le relazioni tra italiani e filippini trovano fondamento in vicendevole, istintiva simpatia e cordialit\u00e0 e spiccata industriosit\u00e0 di cui la folta comunit\u00e0 filippina in Italia (la pi\u00f9 ampia nell&#8217;Unione Europea) d\u00e0 apprezzata, quotidiana testimonianza. \u00a0Al continuo progresso delle relazioni italo-filippine intendo dare il mio personale contributo, con il sostegno di tutti i miei collaboratori dell&#8217;Ambasciata d&#8217;Italia a Manila, sia italiani che filippini. \u00a0Considero un privilegio tale compito al quale intendo dedicarmi con particolare motivazione, fiducioso di poter contare sul sostegno di quanti in questo vasto e popoloso paese abbiano a cuore il progresso delle relazioni di amicizia tra Italia e Filippine.<\/p>\n<p>Davide GIGLIO<\/p>\n<p>15 luglio 2024<\/p>\n<p>&nbsp;<\/p>\n","protected":false},"excerpt":{"rendered":"Assumo oggi l&#8217;incarico di Ambasciatore d&#8217;Italia nelle Filippine con accreditamenti secondari nella Repubblica di Palau, negli Stati Federati della Micronesia e nelle Isole Marshall. Dal 1998, con incarichi sia a Roma presso gli Uffici competenti per l\u2019Asia e sia all&#8217;estero a Islamabad, Hong Kong, Osaka, Pechino e Taipei, ho continuamente contribuito allo sviluppo di relazioni [&hellip;]","protected":false},"author":4,"featured_media":3219,"comment_status":"closed","ping_status":"closed","sticky":false,"template":"","format":"standard","meta":{"footnotes":""},"tags":[],"class_list":["post-3153","post","type-post","status-publish","format-standard","has-post-thumbnail","hentry"],"_links":{"self":[{"href":"https:\/\/ambmanila.esteri.it\/it\/wp-json\/wp\/v2\/posts\/3153","targetHints":{"allow":["GET"]}}],"collection":[{"href":"https:\/\/ambmanila.esteri.it\/it\/wp-json\/wp\/v2\/posts"}],"about":[{"href":"https:\/\/ambmanila.esteri.it\/it\/wp-json\/wp\/v2\/types\/post"}],"author":[{"embeddable":true,"href":"https:\/\/ambmanila.esteri.it\/it\/wp-json\/wp\/v2\/users\/4"}],"replies":[{"embeddable":true,"href":"https:\/\/ambmanila.esteri.it\/it\/wp-json\/wp\/v2\/comments?post=3153"}],"version-history":[{"count":7,"href":"https:\/\/ambmanila.esteri.it\/it\/wp-json\/wp\/v2\/posts\/3153\/revisions"}],"predecessor-version":[{"id":3433,"href":"https:\/\/ambmanila.esteri.it\/it\/wp-json\/wp\/v2\/posts\/3153\/revisions\/3433"}],"wp:featuredmedia":[{"embeddable":true,"href":"https:\/\/ambmanila.esteri.it\/it\/wp-json\/wp\/v2\/media\/3219"}],"wp:attachment":[{"href":"https:\/\/ambmanila.esteri.it\/it\/wp-json\/wp\/v2\/media?parent=3153"}],"wp:term":[{"taxonomy":"post_tag","embeddable":true,"href":"https:\/\/ambmanila.esteri.it\/it\/wp-json\/wp\/v2\/tags?post=3153"}],"curies":[{"name":"wp","href":"https:\/\/api.w.org\/{rel}","templated":true}]}}