{"id":2717,"date":"2024-02-29T15:52:57","date_gmt":"2024-02-29T07:52:57","guid":{"rendered":"https:\/\/ambmanila.esteri.it\/?p=2717"},"modified":"2024-02-29T15:52:57","modified_gmt":"2024-02-29T07:52:57","slug":"contributi-a-universita-straniere-per-corsi-di-formazione-e-aggiornamento-per-docenti-di-italiano-cap-2619-3-e-f-2024","status":"publish","type":"post","link":"https:\/\/ambmanila.esteri.it\/it\/news\/dall_ambasciata\/2024\/02\/contributi-a-universita-straniere-per-corsi-di-formazione-e-aggiornamento-per-docenti-di-italiano-cap-2619-3-e-f-2024\/","title":{"rendered":"Contributi a universit\u00e0 straniere per corsi di formazione e aggiornamento per docenti di italiano (Cap.2619\/3 E.F.2024)"},"content":{"rendered":"<p style=\"text-align: justify;\">Il Ministero degli Affari Esteri e della Cooperazione Internazionale (MAECI) offre alle <strong>universit\u00e0 straniere<\/strong> la possibilit\u00e0 di ottenere contributi per <strong>l\u2019organizzazione di corsi di formazione<\/strong> e <strong>aggiornamento<\/strong> destinati ai docenti di lingua italiana operanti nelle universit\u00e0 straniere al fine di promuovere la lingua e la cultura italiana.<\/p>\n<p style=\"text-align: justify;\"><strong>I contributi sono finalizzati a coprire solo una parte delle spese relative al corso<\/strong>: nel modulo, l\u2019ente richiedente dovr\u00e0 quantificare le spese che \u00e8 in grado di sostenere autonomamente e dovr\u00e0, inoltre, fornire una descrizione dettagliata del progetto e delle necessit\u00e0 di formazione. Eventuali costi indicati alla voce <em>\u201cAltro\u201d,<\/em> inclusi nel preventivo e\/o nel resoconto potranno essere coperti con il contributo esclusivamente se riguarderanno la realizzazione didattica del corso. A titolo esemplificativo e non esaustivo, non potranno essere inclusi, invece, i costi di rinfreschi, pranzi, cene, spese di alloggio dei partecipanti al corso.<\/p>\n<p style=\"text-align: justify;\">Non verranno accolte richieste per corsi di formazione e aggiornamento che abbiano luogo in Italia o che si tengano al di fuori della circoscrizione, nonch\u00e9 richieste per l\u2019organizzazione di corsi curricolari, convegni, seminari, dibattiti e per la copertura di costi di partecipazione di docenti alle predette iniziative. Nel rispetto della normativa di riferimento, possono essere accolte richieste per corsi di formazione destinati <strong>solamente a docenti di lingua italiana gi\u00e0 operanti nelle universit\u00e0 straniere<\/strong> e non studenti universitari che aspirino a intraprendere in futuro la professione di insegnante di lingua italiana. Qualora interessati, questi ultimi potranno assistere al corso in qualit\u00e0 di uditori, ma non potranno essere inclusi nel computo dei partecipanti.<\/p>\n<p style=\"text-align: justify;\">Si raccomanda di richiedere contributi in particolar modo per <strong>progetti innovativi<\/strong> e <strong>volti ad avere un impatto su larga scala<\/strong> come i corsi di formazione a distanza del personale docente delle Universit\u00e0 in quanto consentono di estendere l\u2019aggiornamento a un maggior numero di utenti, con notevoli benefici anche in termini di costi. Si \u00e8 constatato che, per ottimizzare i costi, i corsi devono essere composti da un minimo di 15 a un massimo di 25 docenti per classe.<\/p>\n<p style=\"text-align: justify;\"><strong><u>Tempistiche per l&#8217;utilizzo dei contributi concessi<\/u><\/strong><\/p>\n<p style=\"text-align: justify;\">Si specifica che i fondi erogati nell\u2019esercizio finanziario 2024 per corsi di formazione e aggiornamento docenti devono essere utilizzati entro la conclusione delle attivit\u00e0 dell\u2019anno accademico di riferimento (<strong>a.a. 2024-25<\/strong>).<\/p>\n<p style=\"text-align: justify;\">Si ricorda inoltre che i contributi non utilizzati o utilizzati impropriamente dovranno essere restituiti. Tale restituzione deve avvenire non oltre il termine inderogabile del 31 ottobre 2024 e rappresenta condizione imprescindibile ai fini della concessione di un eventuale nuovo contributo.<\/p>\n<p style=\"text-align: justify;\"><strong><u>Documentazione richiesta<\/u><\/strong><\/p>\n<p style=\"text-align: justify;\">Le richieste di contributo dovranno essere composte dai seguenti documenti:<\/p>\n<ul style=\"text-align: justify;\">\n<li><strong>Lettera di richiesta e motivazione dell\u2019istituzione universitaria<\/strong>, redatta su carta intestata, firmata dal Responsabile accademico, corredata del timbro dell\u2019Ateneo, contenente una sintetica (massimo una pagina) ma circostanziata motivazione della richiesta;<\/li>\n<\/ul>\n<ul style=\"text-align: justify;\">\n<li><a href=\"https:\/\/ambmanila.esteri.it\/wp-content\/uploads\/2024\/02\/ALL_A.docx\"><strong>Formulario A<\/strong><\/a>\u00a0&#8211; <strong>richiesta di contributo<\/strong>, compilato in ogni sua parte;<\/li>\n<\/ul>\n<ul style=\"text-align: justify;\">\n<li><a href=\"https:\/\/ambmanila.esteri.it\/wp-content\/uploads\/2024\/02\/ALL_B.docx\"><strong>Formulario B<\/strong><\/a> &#8211; <strong>relazione finale<\/strong> sull\u2019utilizzo dell\u2019ultimo contributo eventualmente fruito, la cui presentazione \u00e8 condizione indispensabile per la concessione e la liquidazione del contributo. Qualora non fosse possibile produrre la relazione relativa all\u2019utilizzo del contributo eventualmente concesso nell\u2019E.F. 2023 entro il termine per la presentazione della nuova richiesta di contributo, sar\u00e0 possibile posticipare l\u2019invio al termine dell\u2019anno accademico (per le universit\u00e0 che adottano il calendario boreale) oppure entro il termine del 30 settembre 2024 (per le universit\u00e0 che adottano il calendario australe).<\/li>\n<\/ul>\n<p style=\"text-align: justify;\">Si pregano le universit\u00e0 di compilare i moduli digitalmente, senza apportare alcuna modifica e prestando attenzione all\u2019apposizione di data, timbro dell\u2019Istituzione richiedente e firma del Responsabile accademico.<\/p>\n<p style=\"text-align: justify;\"><strong><u>Scadenza per la presentazione delle richieste\u00a0<\/u><\/strong><\/p>\n<p style=\"text-align: justify;\">Le richieste di concessione di contributo dovranno pervenire all\u2019indirizzo email <a href=\"mailto:manila.culturale@esteri.it\">manila.culturale@esteri.it<\/a> <span style=\"text-decoration: underline;\">entro e non oltre il <strong>22 marzo 2024.<\/strong><\/span><\/p>\n<p style=\"text-align: justify;\">\n","protected":false},"excerpt":{"rendered":"Il Ministero degli Affari Esteri e della Cooperazione Internazionale (MAECI) offre alle universit\u00e0 straniere la possibilit\u00e0 di ottenere contributi per l\u2019organizzazione di corsi di formazione e aggiornamento destinati ai docenti di lingua italiana operanti nelle universit\u00e0 straniere al fine di promuovere la lingua e la cultura italiana. I contributi sono finalizzati a coprire solo una [&hellip;]","protected":false},"author":5,"featured_media":0,"comment_status":"closed","ping_status":"closed","sticky":false,"template":"","format":"standard","meta":{"footnotes":""},"tags":[],"class_list":["post-2717","post","type-post","status-publish","format-standard","hentry"],"_links":{"self":[{"href":"https:\/\/ambmanila.esteri.it\/it\/wp-json\/wp\/v2\/posts\/2717","targetHints":{"allow":["GET"]}}],"collection":[{"href":"https:\/\/ambmanila.esteri.it\/it\/wp-json\/wp\/v2\/posts"}],"about":[{"href":"https:\/\/ambmanila.esteri.it\/it\/wp-json\/wp\/v2\/types\/post"}],"author":[{"embeddable":true,"href":"https:\/\/ambmanila.esteri.it\/it\/wp-json\/wp\/v2\/users\/5"}],"replies":[{"embeddable":true,"href":"https:\/\/ambmanila.esteri.it\/it\/wp-json\/wp\/v2\/comments?post=2717"}],"version-history":[{"count":3,"href":"https:\/\/ambmanila.esteri.it\/it\/wp-json\/wp\/v2\/posts\/2717\/revisions"}],"predecessor-version":[{"id":2723,"href":"https:\/\/ambmanila.esteri.it\/it\/wp-json\/wp\/v2\/posts\/2717\/revisions\/2723"}],"wp:attachment":[{"href":"https:\/\/ambmanila.esteri.it\/it\/wp-json\/wp\/v2\/media?parent=2717"}],"wp:term":[{"taxonomy":"post_tag","embeddable":true,"href":"https:\/\/ambmanila.esteri.it\/it\/wp-json\/wp\/v2\/tags?post=2717"}],"curies":[{"name":"wp","href":"https:\/\/api.w.org\/{rel}","templated":true}]}}