{"id":1357,"date":"2017-10-23T06:59:57","date_gmt":"2017-10-22T22:59:57","guid":{"rendered":"https:\/\/ambmanila.esteri.it\/news\/dall_ambasciata\/2017\/10\/incontro-con-il-nuovo-ambasciatore\/"},"modified":"2017-10-23T06:59:57","modified_gmt":"2017-10-22T22:59:57","slug":"incontro-con-il-nuovo-ambasciatore","status":"publish","type":"post","link":"https:\/\/ambmanila.esteri.it\/it\/news\/dall_ambasciata\/2017\/10\/incontro-con-il-nuovo-ambasciatore\/","title":{"rendered":"Un estratto della newsletter dell&#8217;Archipelago:"},"content":{"rendered":"<p>Si \u00e8 svolto nei giorni scorsi il primo incontro di Archipelago con il nuovo Ambasciatore d&#8217;Italia a Manila, dott. Giorgio Guglielmino.<\/p>\n<p>Una mini delegazione composta dal Presidente e due membri del consiglio di amministrazione Alessandro Mazzocco e Fausto Romani, ha cosi potuto spiegare al nuovo Ambasciatore, attivit\u00e0, progetti ed aspettative di Archipelago.<\/p>\n<p>Il tempo dedicato all\u2019incontro \u00e8 volato in un baleno e certamente non abbastanza per approfondire tutte le argomentazioni, ma sufficiente per capire che il dott. Guglielmino oltre che professionale, \u00e8 persona affabile, genuina, sensibile e disponibile, e di questo ne siamo particolarmente felici.<\/p>\n<p>Archipelago cercher\u00e0 di creare quanto prima delle occasioni affinch\u00e9 lo stesso Ambasciatore possa incontrare la nostra comunit\u00e0 e poter conoscere personalmente pi\u00f9 connazionali possibili, come da lui stesso auspicato.<\/p>\n<p>Si \u00e8 infine convenuto sul valore e la convenienza delle buone relazioni tra istituzioni e cittadini, pertanto, entrambe le parti si sono espresse a favore del prosieguo delle collaborazioni esistenti per il bene e la crescita della nostra comunit\u00e0.<\/p>\n<p>Con L\u2019occasione \u00e8 stata consegnata al dott Guglielmino la tessera di Archipelago, che lo annovera cos\u00ec fra i nostri membri.<\/p>\n<p>\u00a0<\/p>\n<p><img decoding=\"async\" src=\"resource\/img\/2017\/10\/archipelago.jpg\" alt=\"archipelago\" \/><\/p>\n","protected":false},"excerpt":{"rendered":"Si \u00e8 svolto nei giorni scorsi il primo incontro di Archipelago con il nuovo Ambasciatore d&#8217;Italia a Manila, dott. Giorgio Guglielmino. Una mini delegazione composta dal Presidente e due membri del consiglio di amministrazione Alessandro Mazzocco e Fausto Romani, ha cosi potuto spiegare al nuovo Ambasciatore, attivit\u00e0, progetti ed aspettative di Archipelago. Il tempo dedicato [&hellip;]","protected":false},"author":1,"featured_media":0,"comment_status":"","ping_status":"","sticky":false,"template":"","format":"standard","meta":{"footnotes":""},"tags":[],"class_list":["post-1357","post","type-post","status-publish","format-standard","hentry"],"_links":{"self":[{"href":"https:\/\/ambmanila.esteri.it\/it\/wp-json\/wp\/v2\/posts\/1357","targetHints":{"allow":["GET"]}}],"collection":[{"href":"https:\/\/ambmanila.esteri.it\/it\/wp-json\/wp\/v2\/posts"}],"about":[{"href":"https:\/\/ambmanila.esteri.it\/it\/wp-json\/wp\/v2\/types\/post"}],"author":[{"embeddable":true,"href":"https:\/\/ambmanila.esteri.it\/it\/wp-json\/wp\/v2\/users\/1"}],"replies":[{"embeddable":true,"href":"https:\/\/ambmanila.esteri.it\/it\/wp-json\/wp\/v2\/comments?post=1357"}],"version-history":[{"count":0,"href":"https:\/\/ambmanila.esteri.it\/it\/wp-json\/wp\/v2\/posts\/1357\/revisions"}],"wp:attachment":[{"href":"https:\/\/ambmanila.esteri.it\/it\/wp-json\/wp\/v2\/media?parent=1357"}],"wp:term":[{"taxonomy":"post_tag","embeddable":true,"href":"https:\/\/ambmanila.esteri.it\/it\/wp-json\/wp\/v2\/tags?post=1357"}],"curies":[{"name":"wp","href":"https:\/\/api.w.org\/{rel}","templated":true}]}}